{"id":454,"date":"2026-05-26T20:00:00","date_gmt":"2026-05-26T20:00:00","guid":{"rendered":"https:\/\/itsulu-demo.bslthemes.com\/?p=454"},"modified":"2026-07-04T16:07:34","modified_gmt":"2026-07-04T16:07:34","slug":"android-app-for-shaving-products-drive","status":"publish","type":"post","link":"https:\/\/odn.pxgroup.pl\/?p=454","title":{"rendered":"Kurs kwalifikacyjny z zakresu zarz\u0105dzania o\u015bwiat\u0105"},"content":{"rendered":"\n<p class=\"wp-block-paragraph\"><strong>My\u015blisz o&nbsp;stanowisku dyrektora?<\/strong><br>Zacznij od kursu kwalifikacyjnego z&nbsp;zakresu zarz\u0105dzania o\u015bwiat\u0105.<\/p>\n\n\n\n<p class=\"wp-block-paragraph\"><strong>Rozpocznij nauk\u0119 w&nbsp;czerwcu i&nbsp;przygotuj si\u0119 do aplikowania w&nbsp;konkursach na rok szkolny 2026\/2027.<\/strong><\/p>\n\n\n\n<p class=\"wp-block-paragraph\">Zapraszamy nauczycieli zainteresowanych rozwojem kompetencji liderskich oraz przygotowaniem do zarz\u0105dzania szko\u0142\u0105 lub plac\u00f3wk\u0105 o\u015bwiatow\u0105.<\/p>\n\n\n\n<p class=\"wp-block-paragraph\">Kurs kwalifikacyjny z&nbsp;zakresu zarz\u0105dzania o\u015bwiat\u0105 obejmuje 210 godzin zaj\u0119\u0107 w&nbsp;formule hybrydowej. Program po\u015bwi\u0119cony jest m.in. przyw\u00f3dztwu edukacyjnemu, polityce o\u015bwiatowej, zarz\u0105dzaniu zasobami ludzkimi oraz rozwojowi zawodowemu. Zaj\u0119cia prowadzone s\u0105 przez praktyk\u00f3w.<\/p>\n\n\n\n<p class=\"wp-block-paragraph\">Kurs ko\u0144czy si\u0119 w&nbsp;kwietniu 2027 r., dzi\u0119ki czemu uczestnicy b\u0119d\u0105 mogli wzi\u0105\u0107 udzia\u0142 w&nbsp;rekrutacji na stanowisko dyrektora wiosn\u0105 2027 r.<\/p>\n\n\n\n<p class=\"wp-block-paragraph\">Szczeg\u00f3\u0142y:&nbsp;<a href=\"https:\/\/kursy.odnpoznan.pl\/event\/2025-2026-a1\">https:\/\/kursy.odnpoznan.pl\/event\/2025-2026-a1<\/a><\/p>\n","protected":false},"excerpt":{"rendered":"<p>My\u015blisz o stanowisku dyrektora?<br \/>\nZacznij od kursu kwalifikacyjnego z zakresu zarz\u0105dzania o\u015bwiat\u0105.<\/p>\n<p>Rozpocznij nauk\u0119 w czerwcu i przygotuj si\u0119 do aplikowania w konkursach na rok szkolny 2026\/2027.<\/p>\n","protected":false},"author":1,"featured_media":4501,"comment_status":"open","ping_status":"open","sticky":false,"template":"","format":"standard","meta":{"_acf_changed":false,"footnotes":""},"categories":[5],"tags":[6,8,11],"class_list":["post-454","post","type-post","status-publish","format-standard","has-post-thumbnail","hentry","category-szkolenia-dla-nauczycieli","tag-business","tag-development","tag-software"],"acf":[],"_links":{"self":[{"href":"https:\/\/odn.pxgroup.pl\/index.php?rest_route=\/wp\/v2\/posts\/454","targetHints":{"allow":["GET"]}}],"collection":[{"href":"https:\/\/odn.pxgroup.pl\/index.php?rest_route=\/wp\/v2\/posts"}],"about":[{"href":"https:\/\/odn.pxgroup.pl\/index.php?rest_route=\/wp\/v2\/types\/post"}],"author":[{"embeddable":true,"href":"https:\/\/odn.pxgroup.pl\/index.php?rest_route=\/wp\/v2\/users\/1"}],"replies":[{"embeddable":true,"href":"https:\/\/odn.pxgroup.pl\/index.php?rest_route=%2Fwp%2Fv2%2Fcomments&post=454"}],"version-history":[{"count":1,"href":"https:\/\/odn.pxgroup.pl\/index.php?rest_route=\/wp\/v2\/posts\/454\/revisions"}],"predecessor-version":[{"id":4502,"href":"https:\/\/odn.pxgroup.pl\/index.php?rest_route=\/wp\/v2\/posts\/454\/revisions\/4502"}],"wp:featuredmedia":[{"embeddable":true,"href":"https:\/\/odn.pxgroup.pl\/index.php?rest_route=\/wp\/v2\/media\/4501"}],"wp:attachment":[{"href":"https:\/\/odn.pxgroup.pl\/index.php?rest_route=%2Fwp%2Fv2%2Fmedia&parent=454"}],"wp:term":[{"taxonomy":"category","embeddable":true,"href":"https:\/\/odn.pxgroup.pl\/index.php?rest_route=%2Fwp%2Fv2%2Fcategories&post=454"},{"taxonomy":"post_tag","embeddable":true,"href":"https:\/\/odn.pxgroup.pl\/index.php?rest_route=%2Fwp%2Fv2%2Ftags&post=454"}],"curies":[{"name":"wp","href":"https:\/\/api.w.org\/{rel}","templated":true}]}}