{"id":2150,"date":"2026-07-01T20:06:00","date_gmt":"2026-07-01T20:06:00","guid":{"rendered":"https:\/\/itsulu-demo.bslthemes.com\/?p=2150"},"modified":"2026-07-04T15:51:14","modified_gmt":"2026-07-04T15:51:14","slug":"the-latest-technology-have-suffered-alteration","status":"publish","type":"post","link":"https:\/\/odn.pxgroup.pl\/?p=2150","title":{"rendered":"\u0141\u0105czymy. Tworzenie sp\u00f3jnych i wspieraj\u0105cych \u015brodowisk uczenia si\u0119 i rozwoju"},"content":{"rendered":"\n<p class=\"wp-block-paragraph\"><strong>Instytut Bada\u0144 Edukacyjnych \u2013 Pa\u0144stwowy Instytut Badawczy (IBE)&nbsp;<\/strong>zaprasza czteroosobowe zespo\u0142y (dyrektor lub wicedyrektor, dwoje nauczycieli, nauczyciel specjalista) z&nbsp;przedszkoli oraz szk\u00f3\u0142 podstawowych i&nbsp;ponadpodstawowych (og\u00f3lnodost\u0119pnych, integracyjnych i&nbsp;specjalnych) do udzia\u0142u w&nbsp;og\u00f3lnopolskim, bezp\u0142atnym programie szkoleniowo-wdro\u017ceniowym realizowanym w&nbsp;ramach og\u00f3lnopolskiego projektu&nbsp;<strong>\u201eWspieranie dost\u0119pno\u015bci edukacji dla dzieci i&nbsp;m\u0142odzie\u017cy\u201d.<\/strong><\/p>\n\n\n\n<p class=\"wp-block-paragraph\">Udzia\u0142 w&nbsp;projekcie to praktyczne wsparcie szk\u00f3\u0142 i&nbsp;przedszkoli w&nbsp;realizacji kierunk\u00f3w polityki o\u015bwiatowej Ministerstwa Edukacji Narodowej&nbsp;<strong>na rok szkolny 2026\/2027.<\/strong><\/p>\n\n\n\n<p class=\"wp-block-paragraph\">Wi\u0119cej informacji na stronie&nbsp;<a href=\"https:\/\/ibe.edu.pl\/pl\/aktualnosci-wspieranie-dostepnosci-edukacji-dla-mlodziezy\/3834-laczymy-tworzenie-spojnych-i-wspierajacych-srodowisk-uczenia-sie-i-rozwoju\" target=\"_blank\" rel=\"noreferrer noopener\">Instytutu Bada\u0144 Edukacyjnych &#8211; Pa\u0144stwowy Instytut Badawczy.<\/a><\/p>\n","protected":false},"excerpt":{"rendered":"<p>Instytut Bada\u0144 Edukacyjnych \u2013 Pa\u0144stwowy Instytut Badawczy (IBE) zaprasza czteroosobowe zespo\u0142y (dyrektor lub wicedyrektor, dwoje nauczycieli, nauczyciel specjalista) z przedszkoli oraz szk\u00f3\u0142 podstawowych i ponadpodstawowych&#8230;<\/p>\n","protected":false},"author":1,"featured_media":4491,"comment_status":"open","ping_status":"open","sticky":false,"template":"","format":"standard","meta":{"_acf_changed":false,"footnotes":""},"categories":[5],"tags":[],"class_list":["post-2150","post","type-post","status-publish","format-standard","has-post-thumbnail","hentry","category-szkolenia-dla-nauczycieli"],"acf":[],"_links":{"self":[{"href":"https:\/\/odn.pxgroup.pl\/index.php?rest_route=\/wp\/v2\/posts\/2150","targetHints":{"allow":["GET"]}}],"collection":[{"href":"https:\/\/odn.pxgroup.pl\/index.php?rest_route=\/wp\/v2\/posts"}],"about":[{"href":"https:\/\/odn.pxgroup.pl\/index.php?rest_route=\/wp\/v2\/types\/post"}],"author":[{"embeddable":true,"href":"https:\/\/odn.pxgroup.pl\/index.php?rest_route=\/wp\/v2\/users\/1"}],"replies":[{"embeddable":true,"href":"https:\/\/odn.pxgroup.pl\/index.php?rest_route=%2Fwp%2Fv2%2Fcomments&post=2150"}],"version-history":[{"count":3,"href":"https:\/\/odn.pxgroup.pl\/index.php?rest_route=\/wp\/v2\/posts\/2150\/revisions"}],"predecessor-version":[{"id":4521,"href":"https:\/\/odn.pxgroup.pl\/index.php?rest_route=\/wp\/v2\/posts\/2150\/revisions\/4521"}],"wp:featuredmedia":[{"embeddable":true,"href":"https:\/\/odn.pxgroup.pl\/index.php?rest_route=\/wp\/v2\/media\/4491"}],"wp:attachment":[{"href":"https:\/\/odn.pxgroup.pl\/index.php?rest_route=%2Fwp%2Fv2%2Fmedia&parent=2150"}],"wp:term":[{"taxonomy":"category","embeddable":true,"href":"https:\/\/odn.pxgroup.pl\/index.php?rest_route=%2Fwp%2Fv2%2Fcategories&post=2150"},{"taxonomy":"post_tag","embeddable":true,"href":"https:\/\/odn.pxgroup.pl\/index.php?rest_route=%2Fwp%2Fv2%2Ftags&post=2150"}],"curies":[{"name":"wp","href":"https:\/\/api.w.org\/{rel}","templated":true}]}}