{"id":2149,"date":"2026-07-03T20:05:00","date_gmt":"2026-07-03T20:05:00","guid":{"rendered":"https:\/\/itsulu-demo.bslthemes.com\/?p=2149"},"modified":"2026-07-04T15:55:31","modified_gmt":"2026-07-04T15:55:31","slug":"android-application-products-delivery","status":"publish","type":"post","link":"https:\/\/odn.pxgroup.pl\/?p=2149","title":{"rendered":"Konkurs \u201eW imi\u0119 wolno\u015bci. Literackie kontynuacje \u015bwiata Sergiusza Piaseckiego\u201d"},"content":{"rendered":"\n<p class=\"wp-block-paragraph\">Organizacja konkursu wpisuje si\u0119 w&nbsp;ustanowiony jednog\u0142o\u015bnie przez Sejm Rzeczypospolitej Polskiej&nbsp;<a href=\"https:\/\/www.prezydent.pl\/storage\/file\/core_files\/2026\/4\/13\/48a1d2dfdc03be995d422468fcd90883\/Tre%C5%9B%C4%87%20uchwa%C5%82y.pdf\">Rok Sergiusza Piaseckiego<\/a>&nbsp;og\u0142oszony w&nbsp;uznaniu jego dorobku pisarskiego, postawy patriotycznej i&nbsp;walki o&nbsp;polsk\u0105 wolno\u015b\u0107. Konkurs skierowany jest do uczni\u00f3w szk\u00f3\u0142 ponadpodstawowych, wychowank\u00f3w o\u015brodk\u00f3w wychowawczych oraz uczni\u00f3w szk\u00f3\u0142 polonijnych w&nbsp;wieku od 14 do 20 lat.<\/p>\n\n\n\n<p class=\"wp-block-paragraph\">Aby wzi\u0105\u0107 udzia\u0142 w&nbsp;konkursie, nale\u017cy&nbsp;<strong>napisa\u0107 opowiadanie<\/strong>&nbsp;inspirowane jedn\u0105, dowolnie wybran\u0105 publikacj\u0105 autorstwa Sergiusza Piaseckiego,&nbsp;<strong>przedstawiaj\u0105ce literack\u0105 kontynuacj\u0119 los\u00f3w jej bohater\u00f3w.<\/strong>Praca nie mo\u017ce przekracza\u0107 10 stron formatu A4. Zg\u0142oszenia do konkursu przesy\u0142ane s\u0105 za po\u015brednictwem szko\u0142y, do kt\u00f3rej ucz\u0119szcza autor pracy, zg\u0142oszenia indywidualne nie b\u0119d\u0105 przyjmowane.<\/p>\n\n\n\n<p class=\"wp-block-paragraph\">Wi\u0119cej informacji i&nbsp;regulamin konkursu na stronie&nbsp;<a href=\"https:\/\/www.prezydent.pl\/aktualnosci\/inicjatywy\/sergiusz-piasecki\/konkurs\" target=\"_blank\" rel=\"noreferrer noopener\">https:\/\/www.prezydent.pl\/aktualnosci\/inicjatywy\/sergiusz-piasecki\/konkurs<\/a><\/p>\n","protected":false},"excerpt":{"rendered":"<p>Organizacja konkursu wpisuje si\u0119 w ustanowiony jednog\u0142o\u015bnie przez Sejm Rzeczypospolitej Polskiej Rok Sergiusza Piaseckiego og\u0142oszony w uznaniu jego dorobku pisarskiego, postawy patriotycznej i walki o polsk\u0105 wolno\u015b\u0107. <\/p>\n","protected":false},"author":1,"featured_media":4494,"comment_status":"open","ping_status":"open","sticky":false,"template":"","format":"standard","meta":{"_acf_changed":false,"footnotes":""},"categories":[4],"tags":[6,7],"class_list":["post-2149","post","type-post","status-publish","format-standard","has-post-thumbnail","hentry","category-konkursy","tag-business","tag-design"],"acf":[],"_links":{"self":[{"href":"https:\/\/odn.pxgroup.pl\/index.php?rest_route=\/wp\/v2\/posts\/2149","targetHints":{"allow":["GET"]}}],"collection":[{"href":"https:\/\/odn.pxgroup.pl\/index.php?rest_route=\/wp\/v2\/posts"}],"about":[{"href":"https:\/\/odn.pxgroup.pl\/index.php?rest_route=\/wp\/v2\/types\/post"}],"author":[{"embeddable":true,"href":"https:\/\/odn.pxgroup.pl\/index.php?rest_route=\/wp\/v2\/users\/1"}],"replies":[{"embeddable":true,"href":"https:\/\/odn.pxgroup.pl\/index.php?rest_route=%2Fwp%2Fv2%2Fcomments&post=2149"}],"version-history":[{"count":1,"href":"https:\/\/odn.pxgroup.pl\/index.php?rest_route=\/wp\/v2\/posts\/2149\/revisions"}],"predecessor-version":[{"id":4496,"href":"https:\/\/odn.pxgroup.pl\/index.php?rest_route=\/wp\/v2\/posts\/2149\/revisions\/4496"}],"wp:featuredmedia":[{"embeddable":true,"href":"https:\/\/odn.pxgroup.pl\/index.php?rest_route=\/wp\/v2\/media\/4494"}],"wp:attachment":[{"href":"https:\/\/odn.pxgroup.pl\/index.php?rest_route=%2Fwp%2Fv2%2Fmedia&parent=2149"}],"wp:term":[{"taxonomy":"category","embeddable":true,"href":"https:\/\/odn.pxgroup.pl\/index.php?rest_route=%2Fwp%2Fv2%2Fcategories&post=2149"},{"taxonomy":"post_tag","embeddable":true,"href":"https:\/\/odn.pxgroup.pl\/index.php?rest_route=%2Fwp%2Fv2%2Ftags&post=2149"}],"curies":[{"name":"wp","href":"https:\/\/api.w.org\/{rel}","templated":true}]}}